{"id":13048,"date":"2023-05-16T11:41:46","date_gmt":"2023-05-16T09:41:46","guid":{"rendered":"https:\/\/www.aestarragona.org\/sin-categorizar\/basf-seguira-negociando-la-mejora-del-convenio-en-el-centro-de-produccion-de-tarragona\/"},"modified":"2023-10-09T12:03:18","modified_gmt":"2023-10-09T10:03:18","slug":"basf-seguira-negociando-la-mejora-del-convenio-en-el-centro-de-produccion-de-tarragona","status":"publish","type":"post","link":"https:\/\/www.aestarragona.org\/ca\/destacados-aeqt-ca\/basf-seguira-negociando-la-mejora-del-convenio-en-el-centro-de-produccion-de-tarragona\/","title":{"rendered":"BASF seguir\u00e1 negociando la mejora del convenio en el centro de producci\u00f3n de Tarragona"},"content":{"rendered":"\n<p class=\"has-small-font-size\">La empresa BASF en Tarragona seguir\u00e1 negociando con la representaci\u00f3n sindical el pacto de aplicaci\u00f3n del convenio general de la Industria Qu\u00edmica, firmado entre Feique y los sindicatos mayoritarios en 2021 y vigente hasta 2023. Como es habitual, BASF negocia con los comit\u00e9s de cada centro de trabajo una mejoras respecto al convenio general que gu\u00eda las pol\u00edticas laborales dentro del sector. Este acuerdo, que mejora las condiciones estipuladas por el convenio marco, ha sido firmado ya en la totalidad del resto de los centros de trabajo que la compa\u00f1\u00eda tiene en Espa\u00f1a.<\/p>\n\n<p><a rel=\"noreferrer noopener\" href=\"https:\/\/www.aeqtonline.com\/es\/basf-seguira-negociando-la-mejora-del-convenio-en-el-centro-de-produccion-de-tarragona\/\" target=\"_blank\"><mark style=\"background-color:rgba(0, 0, 0, 0)\" class=\"has-inline-color has-vivid-cyan-blue-color\"><strong>Lee la noticia completa<\/strong><\/mark><\/a><\/p>\n","protected":false},"excerpt":{"rendered":"<p>La empresa BASF en Tarragona seguir\u00e1 negociando con la representaci\u00f3n sindical el pacto de aplicaci\u00f3n del convenio general de la Industria Qu\u00edmica, firmado entre Feique y los sindicatos mayoritarios en 2021 y vigente hasta 2023. Como es habitual, BASF negocia con los comit\u00e9s de cada centro de trabajo una mejoras respecto al convenio general que gu\u00eda las pol\u00edticas laborales dentro del sector. Este acuerdo, que [&hellip;]<\/p>\n","protected":false},"author":1,"featured_media":12905,"comment_status":"closed","ping_status":"closed","sticky":false,"template":"","format":"standard","meta":{"_acf_changed":false,"footnotes":""},"categories":[80],"tags":[],"class_list":["post-13048","post","type-post","status-publish","format-standard","has-post-thumbnail","hentry","category-destacados-aeqt-ca"],"acf":[],"yoast_head":"<!-- This site is optimized with the Yoast SEO plugin v27.5 - https:\/\/yoast.com\/product\/yoast-seo-wordpress\/ -->\n<title>BASF seguir\u00e1 negociando la mejora del convenio en el centro de producci\u00f3n de Tarragona - AEST<\/title>\n<meta name=\"robots\" content=\"index, follow, max-snippet:-1, max-image-preview:large, max-video-preview:-1\" \/>\n<link rel=\"canonical\" href=\"https:\/\/www.aestarragona.org\/ca\/destacados-aeqt-ca\/basf-seguira-negociando-la-mejora-del-convenio-en-el-centro-de-produccion-de-tarragona\/\" \/>\n<meta property=\"og:locale\" content=\"ca_ES\" \/>\n<meta property=\"og:type\" content=\"article\" \/>\n<meta property=\"og:title\" content=\"BASF seguir\u00e1 negociando la mejora del convenio en el centro de producci\u00f3n de Tarragona - AEST\" \/>\n<meta property=\"og:description\" content=\"La empresa BASF en Tarragona seguir\u00e1 negociando con la representaci\u00f3n sindical el pacto de aplicaci\u00f3n del convenio general de la Industria Qu\u00edmica, firmado entre Feique y los sindicatos mayoritarios en 2021 y vigente hasta 2023. Como es habitual, BASF negocia con los comit\u00e9s de cada centro de trabajo una mejoras respecto al convenio general que gu\u00eda las pol\u00edticas laborales dentro del sector. Este acuerdo, que [&hellip;]\" \/>\n<meta property=\"og:url\" content=\"https:\/\/www.aestarragona.org\/ca\/destacados-aeqt-ca\/basf-seguira-negociando-la-mejora-del-convenio-en-el-centro-de-produccion-de-tarragona\/\" \/>\n<meta property=\"og:site_name\" content=\"AEST\" \/>\n<meta property=\"article:publisher\" content=\"https:\/\/m.facebook.com\/aestarragona\" \/>\n<meta property=\"article:published_time\" content=\"2023-05-16T09:41:46+00:00\" \/>\n<meta property=\"article:modified_time\" content=\"2023-10-09T10:03:18+00:00\" \/>\n<meta property=\"og:image\" content=\"https:\/\/www.aestarragona.org\/wp-content\/uploads\/2023\/05\/basf-img.png\" \/>\n\t<meta property=\"og:image:width\" content=\"524\" \/>\n\t<meta property=\"og:image:height\" content=\"393\" \/>\n\t<meta property=\"og:image:type\" content=\"image\/png\" \/>\n<meta name=\"author\" content=\"AEST\" \/>\n<meta name=\"twitter:card\" content=\"summary_large_image\" \/>\n<meta name=\"twitter:creator\" content=\"@AESTarragona\" \/>\n<meta name=\"twitter:site\" content=\"@AESTarragona\" \/>\n<meta name=\"twitter:label1\" content=\"Written by\" \/>\n\t<meta name=\"twitter:data1\" content=\"AEST\" \/>\n\t<meta name=\"twitter:label2\" content=\"Est. reading time\" \/>\n\t<meta name=\"twitter:data2\" content=\"1 minut\" \/>\n<script type=\"application\/ld+json\" class=\"yoast-schema-graph\">{\"@context\":\"https:\\\/\\\/schema.org\",\"@graph\":[{\"@type\":\"Article\",\"@id\":\"https:\\\/\\\/www.aestarragona.org\\\/ca\\\/destacados-aeqt-ca\\\/basf-seguira-negociando-la-mejora-del-convenio-en-el-centro-de-produccion-de-tarragona\\\/#article\",\"isPartOf\":{\"@id\":\"https:\\\/\\\/www.aestarragona.org\\\/ca\\\/destacados-aeqt-ca\\\/basf-seguira-negociando-la-mejora-del-convenio-en-el-centro-de-produccion-de-tarragona\\\/\"},\"author\":{\"name\":\"AEST\",\"@id\":\"https:\\\/\\\/www.aestarragona.org\\\/ca\\\/#\\\/schema\\\/person\\\/a948dd8727723b3575e5482f5b29b5de\"},\"headline\":\"BASF seguir\u00e1 negociando la mejora del convenio en el centro de producci\u00f3n de Tarragona\",\"datePublished\":\"2023-05-16T09:41:46+00:00\",\"dateModified\":\"2023-10-09T10:03:18+00:00\",\"mainEntityOfPage\":{\"@id\":\"https:\\\/\\\/www.aestarragona.org\\\/ca\\\/destacados-aeqt-ca\\\/basf-seguira-negociando-la-mejora-del-convenio-en-el-centro-de-produccion-de-tarragona\\\/\"},\"wordCount\":118,\"publisher\":{\"@id\":\"https:\\\/\\\/www.aestarragona.org\\\/ca\\\/#organization\"},\"image\":{\"@id\":\"https:\\\/\\\/www.aestarragona.org\\\/ca\\\/destacados-aeqt-ca\\\/basf-seguira-negociando-la-mejora-del-convenio-en-el-centro-de-produccion-de-tarragona\\\/#primaryimage\"},\"thumbnailUrl\":\"https:\\\/\\\/www.aestarragona.org\\\/wp-content\\\/uploads\\\/2023\\\/05\\\/basf-img.png\",\"articleSection\":[\"Destacados AEQT\"],\"inLanguage\":\"ca\"},{\"@type\":\"WebPage\",\"@id\":\"https:\\\/\\\/www.aestarragona.org\\\/ca\\\/destacados-aeqt-ca\\\/basf-seguira-negociando-la-mejora-del-convenio-en-el-centro-de-produccion-de-tarragona\\\/\",\"url\":\"https:\\\/\\\/www.aestarragona.org\\\/ca\\\/destacados-aeqt-ca\\\/basf-seguira-negociando-la-mejora-del-convenio-en-el-centro-de-produccion-de-tarragona\\\/\",\"name\":\"BASF seguir\u00e1 negociando la mejora del convenio en el centro de producci\u00f3n de Tarragona - AEST\",\"isPartOf\":{\"@id\":\"https:\\\/\\\/www.aestarragona.org\\\/ca\\\/#website\"},\"primaryImageOfPage\":{\"@id\":\"https:\\\/\\\/www.aestarragona.org\\\/ca\\\/destacados-aeqt-ca\\\/basf-seguira-negociando-la-mejora-del-convenio-en-el-centro-de-produccion-de-tarragona\\\/#primaryimage\"},\"image\":{\"@id\":\"https:\\\/\\\/www.aestarragona.org\\\/ca\\\/destacados-aeqt-ca\\\/basf-seguira-negociando-la-mejora-del-convenio-en-el-centro-de-produccion-de-tarragona\\\/#primaryimage\"},\"thumbnailUrl\":\"https:\\\/\\\/www.aestarragona.org\\\/wp-content\\\/uploads\\\/2023\\\/05\\\/basf-img.png\",\"datePublished\":\"2023-05-16T09:41:46+00:00\",\"dateModified\":\"2023-10-09T10:03:18+00:00\",\"breadcrumb\":{\"@id\":\"https:\\\/\\\/www.aestarragona.org\\\/ca\\\/destacados-aeqt-ca\\\/basf-seguira-negociando-la-mejora-del-convenio-en-el-centro-de-produccion-de-tarragona\\\/#breadcrumb\"},\"inLanguage\":\"ca\",\"potentialAction\":[{\"@type\":\"ReadAction\",\"target\":[\"https:\\\/\\\/www.aestarragona.org\\\/ca\\\/destacados-aeqt-ca\\\/basf-seguira-negociando-la-mejora-del-convenio-en-el-centro-de-produccion-de-tarragona\\\/\"]}]},{\"@type\":\"ImageObject\",\"inLanguage\":\"ca\",\"@id\":\"https:\\\/\\\/www.aestarragona.org\\\/ca\\\/destacados-aeqt-ca\\\/basf-seguira-negociando-la-mejora-del-convenio-en-el-centro-de-produccion-de-tarragona\\\/#primaryimage\",\"url\":\"https:\\\/\\\/www.aestarragona.org\\\/wp-content\\\/uploads\\\/2023\\\/05\\\/basf-img.png\",\"contentUrl\":\"https:\\\/\\\/www.aestarragona.org\\\/wp-content\\\/uploads\\\/2023\\\/05\\\/basf-img.png\",\"width\":524,\"height\":393},{\"@type\":\"BreadcrumbList\",\"@id\":\"https:\\\/\\\/www.aestarragona.org\\\/ca\\\/destacados-aeqt-ca\\\/basf-seguira-negociando-la-mejora-del-convenio-en-el-centro-de-produccion-de-tarragona\\\/#breadcrumb\",\"itemListElement\":[{\"@type\":\"ListItem\",\"position\":1,\"name\":\"Portada\",\"item\":\"https:\\\/\\\/www.aestarragona.org\\\/ca\\\/\"},{\"@type\":\"ListItem\",\"position\":2,\"name\":\"BASF seguir\u00e1 negociando la mejora del convenio en el centro de producci\u00f3n de Tarragona\"}]},{\"@type\":\"WebSite\",\"@id\":\"https:\\\/\\\/www.aestarragona.org\\\/ca\\\/#website\",\"url\":\"https:\\\/\\\/www.aestarragona.org\\\/ca\\\/\",\"name\":\"AEST - La Asociaci\u00f3n de Empresas de Servicios de de Tarragona\",\"description\":\"La Asociaci\u00f3n de Empresas de Servicios de Tarragona\",\"publisher\":{\"@id\":\"https:\\\/\\\/www.aestarragona.org\\\/ca\\\/#organization\"},\"potentialAction\":[{\"@type\":\"SearchAction\",\"target\":{\"@type\":\"EntryPoint\",\"urlTemplate\":\"https:\\\/\\\/www.aestarragona.org\\\/ca\\\/?s={search_term_string}\"},\"query-input\":{\"@type\":\"PropertyValueSpecification\",\"valueRequired\":true,\"valueName\":\"search_term_string\"}}],\"inLanguage\":\"ca\"},{\"@type\":\"Organization\",\"@id\":\"https:\\\/\\\/www.aestarragona.org\\\/ca\\\/#organization\",\"name\":\"AEST - Asociaci\u00f3n de Empresas de Servicios de de Tarragona\",\"url\":\"https:\\\/\\\/www.aestarragona.org\\\/ca\\\/\",\"logo\":{\"@type\":\"ImageObject\",\"inLanguage\":\"ca\",\"@id\":\"https:\\\/\\\/www.aestarragona.org\\\/ca\\\/#\\\/schema\\\/logo\\\/image\\\/\",\"url\":\"https:\\\/\\\/www.aestarragona.org\\\/wp-content\\\/uploads\\\/2023\\\/05\\\/aest-logo-1.png\",\"contentUrl\":\"https:\\\/\\\/www.aestarragona.org\\\/wp-content\\\/uploads\\\/2023\\\/05\\\/aest-logo-1.png\",\"width\":182,\"height\":182,\"caption\":\"AEST - Asociaci\u00f3n de Empresas de Servicios de de Tarragona\"},\"image\":{\"@id\":\"https:\\\/\\\/www.aestarragona.org\\\/ca\\\/#\\\/schema\\\/logo\\\/image\\\/\"},\"sameAs\":[\"https:\\\/\\\/m.facebook.com\\\/aestarragona\",\"https:\\\/\\\/x.com\\\/AESTarragona\"]},{\"@type\":\"Person\",\"@id\":\"https:\\\/\\\/www.aestarragona.org\\\/ca\\\/#\\\/schema\\\/person\\\/a948dd8727723b3575e5482f5b29b5de\",\"name\":\"AEST\",\"image\":{\"@type\":\"ImageObject\",\"inLanguage\":\"ca\",\"@id\":\"https:\\\/\\\/secure.gravatar.com\\\/avatar\\\/cd25a443b0b4914bd329e4ac131ee5565813bc540e4f718b12694f28fbfec02e?s=96&d=mm&r=g\",\"url\":\"https:\\\/\\\/secure.gravatar.com\\\/avatar\\\/cd25a443b0b4914bd329e4ac131ee5565813bc540e4f718b12694f28fbfec02e?s=96&d=mm&r=g\",\"contentUrl\":\"https:\\\/\\\/secure.gravatar.com\\\/avatar\\\/cd25a443b0b4914bd329e4ac131ee5565813bc540e4f718b12694f28fbfec02e?s=96&d=mm&r=g\",\"caption\":\"AEST\"},\"sameAs\":[\"https:\\\/\\\/www.aestarragona.org\"],\"url\":\"https:\\\/\\\/www.aestarragona.org\\\/ca\\\/author\\\/god_studiogenesis\\\/\"}]}<\/script>\n<!-- \/ Yoast SEO plugin. -->","yoast_head_json":{"title":"BASF seguir\u00e1 negociando la mejora del convenio en el centro de producci\u00f3n de Tarragona - AEST","robots":{"index":"index","follow":"follow","max-snippet":"max-snippet:-1","max-image-preview":"max-image-preview:large","max-video-preview":"max-video-preview:-1"},"canonical":"https:\/\/www.aestarragona.org\/ca\/destacados-aeqt-ca\/basf-seguira-negociando-la-mejora-del-convenio-en-el-centro-de-produccion-de-tarragona\/","og_locale":"ca_ES","og_type":"article","og_title":"BASF seguir\u00e1 negociando la mejora del convenio en el centro de producci\u00f3n de Tarragona - AEST","og_description":"La empresa BASF en Tarragona seguir\u00e1 negociando con la representaci\u00f3n sindical el pacto de aplicaci\u00f3n del convenio general de la Industria Qu\u00edmica, firmado entre Feique y los sindicatos mayoritarios en 2021 y vigente hasta 2023. Como es habitual, BASF negocia con los comit\u00e9s de cada centro de trabajo una mejoras respecto al convenio general que gu\u00eda las pol\u00edticas laborales dentro del sector. Este acuerdo, que [&hellip;]","og_url":"https:\/\/www.aestarragona.org\/ca\/destacados-aeqt-ca\/basf-seguira-negociando-la-mejora-del-convenio-en-el-centro-de-produccion-de-tarragona\/","og_site_name":"AEST","article_publisher":"https:\/\/m.facebook.com\/aestarragona","article_published_time":"2023-05-16T09:41:46+00:00","article_modified_time":"2023-10-09T10:03:18+00:00","og_image":[{"width":524,"height":393,"url":"https:\/\/www.aestarragona.org\/wp-content\/uploads\/2023\/05\/basf-img.png","type":"image\/png"}],"author":"AEST","twitter_card":"summary_large_image","twitter_creator":"@AESTarragona","twitter_site":"@AESTarragona","twitter_misc":{"Written by":"AEST","Est. reading time":"1 minut"},"schema":{"@context":"https:\/\/schema.org","@graph":[{"@type":"Article","@id":"https:\/\/www.aestarragona.org\/ca\/destacados-aeqt-ca\/basf-seguira-negociando-la-mejora-del-convenio-en-el-centro-de-produccion-de-tarragona\/#article","isPartOf":{"@id":"https:\/\/www.aestarragona.org\/ca\/destacados-aeqt-ca\/basf-seguira-negociando-la-mejora-del-convenio-en-el-centro-de-produccion-de-tarragona\/"},"author":{"name":"AEST","@id":"https:\/\/www.aestarragona.org\/ca\/#\/schema\/person\/a948dd8727723b3575e5482f5b29b5de"},"headline":"BASF seguir\u00e1 negociando la mejora del convenio en el centro de producci\u00f3n de Tarragona","datePublished":"2023-05-16T09:41:46+00:00","dateModified":"2023-10-09T10:03:18+00:00","mainEntityOfPage":{"@id":"https:\/\/www.aestarragona.org\/ca\/destacados-aeqt-ca\/basf-seguira-negociando-la-mejora-del-convenio-en-el-centro-de-produccion-de-tarragona\/"},"wordCount":118,"publisher":{"@id":"https:\/\/www.aestarragona.org\/ca\/#organization"},"image":{"@id":"https:\/\/www.aestarragona.org\/ca\/destacados-aeqt-ca\/basf-seguira-negociando-la-mejora-del-convenio-en-el-centro-de-produccion-de-tarragona\/#primaryimage"},"thumbnailUrl":"https:\/\/www.aestarragona.org\/wp-content\/uploads\/2023\/05\/basf-img.png","articleSection":["Destacados AEQT"],"inLanguage":"ca"},{"@type":"WebPage","@id":"https:\/\/www.aestarragona.org\/ca\/destacados-aeqt-ca\/basf-seguira-negociando-la-mejora-del-convenio-en-el-centro-de-produccion-de-tarragona\/","url":"https:\/\/www.aestarragona.org\/ca\/destacados-aeqt-ca\/basf-seguira-negociando-la-mejora-del-convenio-en-el-centro-de-produccion-de-tarragona\/","name":"BASF seguir\u00e1 negociando la mejora del convenio en el centro de producci\u00f3n de Tarragona - AEST","isPartOf":{"@id":"https:\/\/www.aestarragona.org\/ca\/#website"},"primaryImageOfPage":{"@id":"https:\/\/www.aestarragona.org\/ca\/destacados-aeqt-ca\/basf-seguira-negociando-la-mejora-del-convenio-en-el-centro-de-produccion-de-tarragona\/#primaryimage"},"image":{"@id":"https:\/\/www.aestarragona.org\/ca\/destacados-aeqt-ca\/basf-seguira-negociando-la-mejora-del-convenio-en-el-centro-de-produccion-de-tarragona\/#primaryimage"},"thumbnailUrl":"https:\/\/www.aestarragona.org\/wp-content\/uploads\/2023\/05\/basf-img.png","datePublished":"2023-05-16T09:41:46+00:00","dateModified":"2023-10-09T10:03:18+00:00","breadcrumb":{"@id":"https:\/\/www.aestarragona.org\/ca\/destacados-aeqt-ca\/basf-seguira-negociando-la-mejora-del-convenio-en-el-centro-de-produccion-de-tarragona\/#breadcrumb"},"inLanguage":"ca","potentialAction":[{"@type":"ReadAction","target":["https:\/\/www.aestarragona.org\/ca\/destacados-aeqt-ca\/basf-seguira-negociando-la-mejora-del-convenio-en-el-centro-de-produccion-de-tarragona\/"]}]},{"@type":"ImageObject","inLanguage":"ca","@id":"https:\/\/www.aestarragona.org\/ca\/destacados-aeqt-ca\/basf-seguira-negociando-la-mejora-del-convenio-en-el-centro-de-produccion-de-tarragona\/#primaryimage","url":"https:\/\/www.aestarragona.org\/wp-content\/uploads\/2023\/05\/basf-img.png","contentUrl":"https:\/\/www.aestarragona.org\/wp-content\/uploads\/2023\/05\/basf-img.png","width":524,"height":393},{"@type":"BreadcrumbList","@id":"https:\/\/www.aestarragona.org\/ca\/destacados-aeqt-ca\/basf-seguira-negociando-la-mejora-del-convenio-en-el-centro-de-produccion-de-tarragona\/#breadcrumb","itemListElement":[{"@type":"ListItem","position":1,"name":"Portada","item":"https:\/\/www.aestarragona.org\/ca\/"},{"@type":"ListItem","position":2,"name":"BASF seguir\u00e1 negociando la mejora del convenio en el centro de producci\u00f3n de Tarragona"}]},{"@type":"WebSite","@id":"https:\/\/www.aestarragona.org\/ca\/#website","url":"https:\/\/www.aestarragona.org\/ca\/","name":"AEST - La Asociaci\u00f3n de Empresas de Servicios de de Tarragona","description":"La Asociaci\u00f3n de Empresas de Servicios de Tarragona","publisher":{"@id":"https:\/\/www.aestarragona.org\/ca\/#organization"},"potentialAction":[{"@type":"SearchAction","target":{"@type":"EntryPoint","urlTemplate":"https:\/\/www.aestarragona.org\/ca\/?s={search_term_string}"},"query-input":{"@type":"PropertyValueSpecification","valueRequired":true,"valueName":"search_term_string"}}],"inLanguage":"ca"},{"@type":"Organization","@id":"https:\/\/www.aestarragona.org\/ca\/#organization","name":"AEST - Asociaci\u00f3n de Empresas de Servicios de de Tarragona","url":"https:\/\/www.aestarragona.org\/ca\/","logo":{"@type":"ImageObject","inLanguage":"ca","@id":"https:\/\/www.aestarragona.org\/ca\/#\/schema\/logo\/image\/","url":"https:\/\/www.aestarragona.org\/wp-content\/uploads\/2023\/05\/aest-logo-1.png","contentUrl":"https:\/\/www.aestarragona.org\/wp-content\/uploads\/2023\/05\/aest-logo-1.png","width":182,"height":182,"caption":"AEST - Asociaci\u00f3n de Empresas de Servicios de de Tarragona"},"image":{"@id":"https:\/\/www.aestarragona.org\/ca\/#\/schema\/logo\/image\/"},"sameAs":["https:\/\/m.facebook.com\/aestarragona","https:\/\/x.com\/AESTarragona"]},{"@type":"Person","@id":"https:\/\/www.aestarragona.org\/ca\/#\/schema\/person\/a948dd8727723b3575e5482f5b29b5de","name":"AEST","image":{"@type":"ImageObject","inLanguage":"ca","@id":"https:\/\/secure.gravatar.com\/avatar\/cd25a443b0b4914bd329e4ac131ee5565813bc540e4f718b12694f28fbfec02e?s=96&d=mm&r=g","url":"https:\/\/secure.gravatar.com\/avatar\/cd25a443b0b4914bd329e4ac131ee5565813bc540e4f718b12694f28fbfec02e?s=96&d=mm&r=g","contentUrl":"https:\/\/secure.gravatar.com\/avatar\/cd25a443b0b4914bd329e4ac131ee5565813bc540e4f718b12694f28fbfec02e?s=96&d=mm&r=g","caption":"AEST"},"sameAs":["https:\/\/www.aestarragona.org"],"url":"https:\/\/www.aestarragona.org\/ca\/author\/god_studiogenesis\/"}]}},"_links":{"self":[{"href":"https:\/\/www.aestarragona.org\/ca\/wp-json\/wp\/v2\/posts\/13048","targetHints":{"allow":["GET"]}}],"collection":[{"href":"https:\/\/www.aestarragona.org\/ca\/wp-json\/wp\/v2\/posts"}],"about":[{"href":"https:\/\/www.aestarragona.org\/ca\/wp-json\/wp\/v2\/types\/post"}],"author":[{"embeddable":true,"href":"https:\/\/www.aestarragona.org\/ca\/wp-json\/wp\/v2\/users\/1"}],"replies":[{"embeddable":true,"href":"https:\/\/www.aestarragona.org\/ca\/wp-json\/wp\/v2\/comments?post=13048"}],"version-history":[{"count":1,"href":"https:\/\/www.aestarragona.org\/ca\/wp-json\/wp\/v2\/posts\/13048\/revisions"}],"predecessor-version":[{"id":13049,"href":"https:\/\/www.aestarragona.org\/ca\/wp-json\/wp\/v2\/posts\/13048\/revisions\/13049"}],"wp:featuredmedia":[{"embeddable":true,"href":"https:\/\/www.aestarragona.org\/ca\/wp-json\/wp\/v2\/media\/12905"}],"wp:attachment":[{"href":"https:\/\/www.aestarragona.org\/ca\/wp-json\/wp\/v2\/media?parent=13048"}],"wp:term":[{"taxonomy":"category","embeddable":true,"href":"https:\/\/www.aestarragona.org\/ca\/wp-json\/wp\/v2\/categories?post=13048"},{"taxonomy":"post_tag","embeddable":true,"href":"https:\/\/www.aestarragona.org\/ca\/wp-json\/wp\/v2\/tags?post=13048"}],"curies":[{"name":"wp","href":"https:\/\/api.w.org\/{rel}","templated":true}]}}