{"id":13050,"date":"2023-05-16T11:49:31","date_gmt":"2023-05-16T09:49:31","guid":{"rendered":"https:\/\/www.aestarragona.org\/sin-categorizar\/entrevista-a-joan-alsina-director-general-ejecutivo-de-gruphelco\/"},"modified":"2023-10-09T12:04:43","modified_gmt":"2023-10-09T10:04:43","slug":"entrevista-a-joan-alsina-director-general-ejecutivo-de-gruphelco","status":"publish","type":"post","link":"https:\/\/www.aestarragona.org\/ca\/entrevistas-ca\/entrevista-a-joan-alsina-director-general-ejecutivo-de-gruphelco\/","title":{"rendered":"Entrevista a Joan Alsina, Director General Ejecutivo de Gruphelco"},"content":{"rendered":"\n<p class=\"has-small-font-size\"><strong>1.- Describa brevemente cu\u00e1l es el &#8220;core business&#8221; de su empresa<\/strong><\/p>\n\n<p class=\"has-small-font-size\">Somos una empresa especializada en mantenimientos preventivos y predictivos de instalaciones de alta y baja tensi\u00f3n, climatizaci\u00f3n y equipos de elevaci\u00f3n-manutenci\u00f3n, tambi\u00e9n realizamos montajes industriales en todas las \u00e1reas mencionadas, ofrecemos tambi\u00e9n nuestros servicios de ingenier\u00eda y formaci\u00f3n.<\/p>\n\n<p class=\"has-small-font-size\"><strong>2.- \u00bfCu\u00e1l es el reto m\u00e1s importante que tiene actualmente sobre su mesa?<\/strong><\/p>\n\n<p class=\"has-small-font-size\">El desarrollo de mis nuevas funciones como Director General, estamos inmersos en un relevo generacional en las diferentes estructuras de la empresa que nos ha llevado a realizar cambios en el organigrama funcional y operativo, espero y deseo, poder seguir con el proyecto que empez\u00f3 hace m\u00e1s de 25 a\u00f1os, darle continuidad y adaptarlo a las necesidades de los nuevos tiempos.<\/p>\n\n<p class=\"has-small-font-size\"><strong>3.- \u00bfQu\u00e9 visi\u00f3n de su empresa tiene a 3 a\u00f1os vista?<\/strong><\/p>\n\n<p class=\"has-small-font-size\">Tenemos que adaptarnos a las nuevas tecnolog\u00edas e implementarlas en nuestros productos de servicios para mejorarlos y hacerlos m\u00e1s atractivos, tres a\u00f1os parece que son muchos, pero el tiempo pasa muy deprisa, el d\u00eda a d\u00eda nos condiciona, y tenemos que ser capaces de tener una estructura organizativa que pueda ir adapt\u00e1ndose a los nuevos retos que el mercado plantea.<\/p>\n\n<p class=\"has-small-font-size\"><strong>4.- \u00bfConsidera que su empresa est\u00e1 suficientemente &#8220;digitalizada\u201d?<\/strong><\/p>\n\n<p class=\"has-small-font-size\">Hemos avanzado mucho en los \u00faltimos a\u00f1os, y seguimos trabajando, hay unos objetivos a cumplir en los pr\u00f3ximos tres a\u00f1os para poder tener todos los procesos digitalizados y que nos permitan optimizar los recursos, todo ello pasa por la concienciaci\u00f3n de todas las personas implicadas en los procesos.<\/p>\n\n<p class=\"has-small-font-size\"><strong>5.- \u00bfCree que crear\u00e1 empleo el pr\u00f3ximo a\u00f1o?<\/strong><\/p>\n\n<p class=\"has-small-font-size\">S\u00ed, actualmente ya lo estamos haciendo, espero que el mercado siga en la din\u00e1mica de los \u00faltimos seis meses y no sea un espejismo postpandemia, esto nos obligar\u00e1 a estructurarnos para poder atender las necesidades futuras.<\/p>\n\n<p class=\"has-small-font-size\"><strong>6.- \u00bfCree que actualmente AEST es un buen mecanismo para coordinar acciones con AEQT?<\/strong><\/p>\n\n<p class=\"has-small-font-size\">Era uno de los objetivos iniciales de la Asociaci\u00f3n, se han generado mecanismos de colaboraci\u00f3n con diferentes comisiones mixtas de trabajo, y ha dado visibilidad a las empresas de servicios, hay que seguir avanzando en las l\u00edneas de trabajo actuales para conseguir mejorar la calidad y la seguridad en el \u00e1mbito de la industria petroqu\u00edmica, y que se pueda trasladar a otros sectores en el \u00e1mbito de AEST. <\/p>\n\n<p class=\"has-small-font-size\"><strong>7.- Un deseo particular y empresarial<\/strong><\/p>\n\n<p class=\"has-small-font-size\">Sobre todo que la salud nos acompa\u00f1e, que podamos volver a una cierta normalidad despu\u00e9s de estos dos \u00faltimos a\u00f1os tan complicados, que nos ha provocado cambios sustanciales en nuestro d\u00eda a d\u00eda. A nivel empresarial, que podamos consolidar nuestro proyecto de empresa con la implicaci\u00f3n y participaci\u00f3n de nuestros empleados, clientes y colaboradores, que a su vez se sientan atendidos y satisfechos de formar parte de nuestro entorno.<\/p>\n\n<p class=\"has-small-font-size\"><strong>8.- Un lema para su empresa<\/strong><\/p>\n\n<p class=\"has-small-font-size\">Vocaci\u00f3n de servicio, y comprometidos con la calidad, la seguridad y el medio ambiente.<\/p>\n","protected":false},"excerpt":{"rendered":"<p>1.- Describa brevemente cu\u00e1l es el &#8220;core business&#8221; de su empresa Somos una empresa especializada en mantenimientos preventivos y predictivos de instalaciones de alta y baja tensi\u00f3n, climatizaci\u00f3n y equipos de elevaci\u00f3n-manutenci\u00f3n, tambi\u00e9n realizamos montajes industriales en todas las \u00e1reas mencionadas, ofrecemos tambi\u00e9n nuestros servicios de ingenier\u00eda y formaci\u00f3n. 2.- \u00bfCu\u00e1l es el reto m\u00e1s importante que tiene actualmente sobre su mesa? El desarrollo de [&hellip;]<\/p>\n","protected":false},"author":1,"featured_media":12881,"comment_status":"closed","ping_status":"closed","sticky":false,"template":"","format":"standard","meta":{"_acf_changed":false,"footnotes":""},"categories":[81],"tags":[],"class_list":["post-13050","post","type-post","status-publish","format-standard","has-post-thumbnail","hentry","category-entrevistas-ca"],"acf":[],"yoast_head":"<!-- This site is optimized with the Yoast SEO plugin v27.5 - https:\/\/yoast.com\/product\/yoast-seo-wordpress\/ -->\n<title>Entrevista a Joan Alsina, Director General Ejecutivo de Gruphelco - AEST<\/title>\n<meta name=\"robots\" content=\"index, follow, max-snippet:-1, max-image-preview:large, max-video-preview:-1\" \/>\n<link rel=\"canonical\" href=\"https:\/\/www.aestarragona.org\/ca\/entrevistas-ca\/entrevista-a-joan-alsina-director-general-ejecutivo-de-gruphelco\/\" \/>\n<meta property=\"og:locale\" content=\"ca_ES\" \/>\n<meta property=\"og:type\" content=\"article\" \/>\n<meta property=\"og:title\" content=\"Entrevista a Joan Alsina, Director General Ejecutivo de Gruphelco - AEST\" \/>\n<meta property=\"og:description\" content=\"1.- Describa brevemente cu\u00e1l es el &#8220;core business&#8221; de su empresa Somos una empresa especializada en mantenimientos preventivos y predictivos de instalaciones de alta y baja tensi\u00f3n, climatizaci\u00f3n y equipos de elevaci\u00f3n-manutenci\u00f3n, tambi\u00e9n realizamos montajes industriales en todas las \u00e1reas mencionadas, ofrecemos tambi\u00e9n nuestros servicios de ingenier\u00eda y formaci\u00f3n. 2.- \u00bfCu\u00e1l es el reto m\u00e1s importante que tiene actualmente sobre su mesa? El desarrollo de [&hellip;]\" \/>\n<meta property=\"og:url\" content=\"https:\/\/www.aestarragona.org\/ca\/entrevistas-ca\/entrevista-a-joan-alsina-director-general-ejecutivo-de-gruphelco\/\" \/>\n<meta property=\"og:site_name\" content=\"AEST\" \/>\n<meta property=\"article:publisher\" content=\"https:\/\/m.facebook.com\/aestarragona\" \/>\n<meta property=\"article:published_time\" content=\"2023-05-16T09:49:31+00:00\" \/>\n<meta property=\"article:modified_time\" content=\"2023-10-09T10:04:43+00:00\" \/>\n<meta property=\"og:image\" content=\"https:\/\/www.aestarragona.org\/wp-content\/uploads\/2023\/05\/GRUPHELCO.jpeg\" \/>\n\t<meta property=\"og:image:width\" content=\"900\" \/>\n\t<meta property=\"og:image:height\" content=\"600\" \/>\n\t<meta property=\"og:image:type\" content=\"image\/jpeg\" \/>\n<meta name=\"author\" content=\"AEST\" \/>\n<meta name=\"twitter:card\" content=\"summary_large_image\" \/>\n<meta name=\"twitter:creator\" content=\"@AESTarragona\" \/>\n<meta name=\"twitter:site\" content=\"@AESTarragona\" \/>\n<meta name=\"twitter:label1\" content=\"Written by\" \/>\n\t<meta name=\"twitter:data1\" content=\"AEST\" \/>\n\t<meta name=\"twitter:label2\" content=\"Est. reading time\" \/>\n\t<meta name=\"twitter:data2\" content=\"3 minuts\" \/>\n<script type=\"application\/ld+json\" class=\"yoast-schema-graph\">{\"@context\":\"https:\\\/\\\/schema.org\",\"@graph\":[{\"@type\":\"Article\",\"@id\":\"https:\\\/\\\/www.aestarragona.org\\\/ca\\\/entrevistas-ca\\\/entrevista-a-joan-alsina-director-general-ejecutivo-de-gruphelco\\\/#article\",\"isPartOf\":{\"@id\":\"https:\\\/\\\/www.aestarragona.org\\\/ca\\\/entrevistas-ca\\\/entrevista-a-joan-alsina-director-general-ejecutivo-de-gruphelco\\\/\"},\"author\":{\"name\":\"AEST\",\"@id\":\"https:\\\/\\\/www.aestarragona.org\\\/ca\\\/#\\\/schema\\\/person\\\/a948dd8727723b3575e5482f5b29b5de\"},\"headline\":\"Entrevista a Joan Alsina, Director General Ejecutivo de Gruphelco\",\"datePublished\":\"2023-05-16T09:49:31+00:00\",\"dateModified\":\"2023-10-09T10:04:43+00:00\",\"mainEntityOfPage\":{\"@id\":\"https:\\\/\\\/www.aestarragona.org\\\/ca\\\/entrevistas-ca\\\/entrevista-a-joan-alsina-director-general-ejecutivo-de-gruphelco\\\/\"},\"wordCount\":518,\"publisher\":{\"@id\":\"https:\\\/\\\/www.aestarragona.org\\\/ca\\\/#organization\"},\"image\":{\"@id\":\"https:\\\/\\\/www.aestarragona.org\\\/ca\\\/entrevistas-ca\\\/entrevista-a-joan-alsina-director-general-ejecutivo-de-gruphelco\\\/#primaryimage\"},\"thumbnailUrl\":\"https:\\\/\\\/www.aestarragona.org\\\/wp-content\\\/uploads\\\/2023\\\/05\\\/GRUPHELCO.jpeg\",\"articleSection\":[\"Entrevistas\"],\"inLanguage\":\"ca\"},{\"@type\":\"WebPage\",\"@id\":\"https:\\\/\\\/www.aestarragona.org\\\/ca\\\/entrevistas-ca\\\/entrevista-a-joan-alsina-director-general-ejecutivo-de-gruphelco\\\/\",\"url\":\"https:\\\/\\\/www.aestarragona.org\\\/ca\\\/entrevistas-ca\\\/entrevista-a-joan-alsina-director-general-ejecutivo-de-gruphelco\\\/\",\"name\":\"Entrevista a Joan Alsina, Director General Ejecutivo de Gruphelco - AEST\",\"isPartOf\":{\"@id\":\"https:\\\/\\\/www.aestarragona.org\\\/ca\\\/#website\"},\"primaryImageOfPage\":{\"@id\":\"https:\\\/\\\/www.aestarragona.org\\\/ca\\\/entrevistas-ca\\\/entrevista-a-joan-alsina-director-general-ejecutivo-de-gruphelco\\\/#primaryimage\"},\"image\":{\"@id\":\"https:\\\/\\\/www.aestarragona.org\\\/ca\\\/entrevistas-ca\\\/entrevista-a-joan-alsina-director-general-ejecutivo-de-gruphelco\\\/#primaryimage\"},\"thumbnailUrl\":\"https:\\\/\\\/www.aestarragona.org\\\/wp-content\\\/uploads\\\/2023\\\/05\\\/GRUPHELCO.jpeg\",\"datePublished\":\"2023-05-16T09:49:31+00:00\",\"dateModified\":\"2023-10-09T10:04:43+00:00\",\"breadcrumb\":{\"@id\":\"https:\\\/\\\/www.aestarragona.org\\\/ca\\\/entrevistas-ca\\\/entrevista-a-joan-alsina-director-general-ejecutivo-de-gruphelco\\\/#breadcrumb\"},\"inLanguage\":\"ca\",\"potentialAction\":[{\"@type\":\"ReadAction\",\"target\":[\"https:\\\/\\\/www.aestarragona.org\\\/ca\\\/entrevistas-ca\\\/entrevista-a-joan-alsina-director-general-ejecutivo-de-gruphelco\\\/\"]}]},{\"@type\":\"ImageObject\",\"inLanguage\":\"ca\",\"@id\":\"https:\\\/\\\/www.aestarragona.org\\\/ca\\\/entrevistas-ca\\\/entrevista-a-joan-alsina-director-general-ejecutivo-de-gruphelco\\\/#primaryimage\",\"url\":\"https:\\\/\\\/www.aestarragona.org\\\/wp-content\\\/uploads\\\/2023\\\/05\\\/GRUPHELCO.jpeg\",\"contentUrl\":\"https:\\\/\\\/www.aestarragona.org\\\/wp-content\\\/uploads\\\/2023\\\/05\\\/GRUPHELCO.jpeg\",\"width\":900,\"height\":600},{\"@type\":\"BreadcrumbList\",\"@id\":\"https:\\\/\\\/www.aestarragona.org\\\/ca\\\/entrevistas-ca\\\/entrevista-a-joan-alsina-director-general-ejecutivo-de-gruphelco\\\/#breadcrumb\",\"itemListElement\":[{\"@type\":\"ListItem\",\"position\":1,\"name\":\"Portada\",\"item\":\"https:\\\/\\\/www.aestarragona.org\\\/ca\\\/\"},{\"@type\":\"ListItem\",\"position\":2,\"name\":\"Entrevista a Joan Alsina, Director General Ejecutivo de Gruphelco\"}]},{\"@type\":\"WebSite\",\"@id\":\"https:\\\/\\\/www.aestarragona.org\\\/ca\\\/#website\",\"url\":\"https:\\\/\\\/www.aestarragona.org\\\/ca\\\/\",\"name\":\"AEST - La Asociaci\u00f3n de Empresas de Servicios de de Tarragona\",\"description\":\"La Asociaci\u00f3n de Empresas de Servicios de Tarragona\",\"publisher\":{\"@id\":\"https:\\\/\\\/www.aestarragona.org\\\/ca\\\/#organization\"},\"potentialAction\":[{\"@type\":\"SearchAction\",\"target\":{\"@type\":\"EntryPoint\",\"urlTemplate\":\"https:\\\/\\\/www.aestarragona.org\\\/ca\\\/?s={search_term_string}\"},\"query-input\":{\"@type\":\"PropertyValueSpecification\",\"valueRequired\":true,\"valueName\":\"search_term_string\"}}],\"inLanguage\":\"ca\"},{\"@type\":\"Organization\",\"@id\":\"https:\\\/\\\/www.aestarragona.org\\\/ca\\\/#organization\",\"name\":\"AEST - Asociaci\u00f3n de Empresas de Servicios de de Tarragona\",\"url\":\"https:\\\/\\\/www.aestarragona.org\\\/ca\\\/\",\"logo\":{\"@type\":\"ImageObject\",\"inLanguage\":\"ca\",\"@id\":\"https:\\\/\\\/www.aestarragona.org\\\/ca\\\/#\\\/schema\\\/logo\\\/image\\\/\",\"url\":\"https:\\\/\\\/www.aestarragona.org\\\/wp-content\\\/uploads\\\/2023\\\/05\\\/aest-logo-1.png\",\"contentUrl\":\"https:\\\/\\\/www.aestarragona.org\\\/wp-content\\\/uploads\\\/2023\\\/05\\\/aest-logo-1.png\",\"width\":182,\"height\":182,\"caption\":\"AEST - Asociaci\u00f3n de Empresas de Servicios de de Tarragona\"},\"image\":{\"@id\":\"https:\\\/\\\/www.aestarragona.org\\\/ca\\\/#\\\/schema\\\/logo\\\/image\\\/\"},\"sameAs\":[\"https:\\\/\\\/m.facebook.com\\\/aestarragona\",\"https:\\\/\\\/x.com\\\/AESTarragona\"]},{\"@type\":\"Person\",\"@id\":\"https:\\\/\\\/www.aestarragona.org\\\/ca\\\/#\\\/schema\\\/person\\\/a948dd8727723b3575e5482f5b29b5de\",\"name\":\"AEST\",\"image\":{\"@type\":\"ImageObject\",\"inLanguage\":\"ca\",\"@id\":\"https:\\\/\\\/secure.gravatar.com\\\/avatar\\\/cd25a443b0b4914bd329e4ac131ee5565813bc540e4f718b12694f28fbfec02e?s=96&d=mm&r=g\",\"url\":\"https:\\\/\\\/secure.gravatar.com\\\/avatar\\\/cd25a443b0b4914bd329e4ac131ee5565813bc540e4f718b12694f28fbfec02e?s=96&d=mm&r=g\",\"contentUrl\":\"https:\\\/\\\/secure.gravatar.com\\\/avatar\\\/cd25a443b0b4914bd329e4ac131ee5565813bc540e4f718b12694f28fbfec02e?s=96&d=mm&r=g\",\"caption\":\"AEST\"},\"sameAs\":[\"https:\\\/\\\/www.aestarragona.org\"],\"url\":\"https:\\\/\\\/www.aestarragona.org\\\/ca\\\/author\\\/god_studiogenesis\\\/\"}]}<\/script>\n<!-- \/ Yoast SEO plugin. -->","yoast_head_json":{"title":"Entrevista a Joan Alsina, Director General Ejecutivo de Gruphelco - AEST","robots":{"index":"index","follow":"follow","max-snippet":"max-snippet:-1","max-image-preview":"max-image-preview:large","max-video-preview":"max-video-preview:-1"},"canonical":"https:\/\/www.aestarragona.org\/ca\/entrevistas-ca\/entrevista-a-joan-alsina-director-general-ejecutivo-de-gruphelco\/","og_locale":"ca_ES","og_type":"article","og_title":"Entrevista a Joan Alsina, Director General Ejecutivo de Gruphelco - AEST","og_description":"1.- Describa brevemente cu\u00e1l es el &#8220;core business&#8221; de su empresa Somos una empresa especializada en mantenimientos preventivos y predictivos de instalaciones de alta y baja tensi\u00f3n, climatizaci\u00f3n y equipos de elevaci\u00f3n-manutenci\u00f3n, tambi\u00e9n realizamos montajes industriales en todas las \u00e1reas mencionadas, ofrecemos tambi\u00e9n nuestros servicios de ingenier\u00eda y formaci\u00f3n. 2.- \u00bfCu\u00e1l es el reto m\u00e1s importante que tiene actualmente sobre su mesa? El desarrollo de [&hellip;]","og_url":"https:\/\/www.aestarragona.org\/ca\/entrevistas-ca\/entrevista-a-joan-alsina-director-general-ejecutivo-de-gruphelco\/","og_site_name":"AEST","article_publisher":"https:\/\/m.facebook.com\/aestarragona","article_published_time":"2023-05-16T09:49:31+00:00","article_modified_time":"2023-10-09T10:04:43+00:00","og_image":[{"width":900,"height":600,"url":"https:\/\/www.aestarragona.org\/wp-content\/uploads\/2023\/05\/GRUPHELCO.jpeg","type":"image\/jpeg"}],"author":"AEST","twitter_card":"summary_large_image","twitter_creator":"@AESTarragona","twitter_site":"@AESTarragona","twitter_misc":{"Written by":"AEST","Est. reading time":"3 minuts"},"schema":{"@context":"https:\/\/schema.org","@graph":[{"@type":"Article","@id":"https:\/\/www.aestarragona.org\/ca\/entrevistas-ca\/entrevista-a-joan-alsina-director-general-ejecutivo-de-gruphelco\/#article","isPartOf":{"@id":"https:\/\/www.aestarragona.org\/ca\/entrevistas-ca\/entrevista-a-joan-alsina-director-general-ejecutivo-de-gruphelco\/"},"author":{"name":"AEST","@id":"https:\/\/www.aestarragona.org\/ca\/#\/schema\/person\/a948dd8727723b3575e5482f5b29b5de"},"headline":"Entrevista a Joan Alsina, Director General Ejecutivo de Gruphelco","datePublished":"2023-05-16T09:49:31+00:00","dateModified":"2023-10-09T10:04:43+00:00","mainEntityOfPage":{"@id":"https:\/\/www.aestarragona.org\/ca\/entrevistas-ca\/entrevista-a-joan-alsina-director-general-ejecutivo-de-gruphelco\/"},"wordCount":518,"publisher":{"@id":"https:\/\/www.aestarragona.org\/ca\/#organization"},"image":{"@id":"https:\/\/www.aestarragona.org\/ca\/entrevistas-ca\/entrevista-a-joan-alsina-director-general-ejecutivo-de-gruphelco\/#primaryimage"},"thumbnailUrl":"https:\/\/www.aestarragona.org\/wp-content\/uploads\/2023\/05\/GRUPHELCO.jpeg","articleSection":["Entrevistas"],"inLanguage":"ca"},{"@type":"WebPage","@id":"https:\/\/www.aestarragona.org\/ca\/entrevistas-ca\/entrevista-a-joan-alsina-director-general-ejecutivo-de-gruphelco\/","url":"https:\/\/www.aestarragona.org\/ca\/entrevistas-ca\/entrevista-a-joan-alsina-director-general-ejecutivo-de-gruphelco\/","name":"Entrevista a Joan Alsina, Director General Ejecutivo de Gruphelco - AEST","isPartOf":{"@id":"https:\/\/www.aestarragona.org\/ca\/#website"},"primaryImageOfPage":{"@id":"https:\/\/www.aestarragona.org\/ca\/entrevistas-ca\/entrevista-a-joan-alsina-director-general-ejecutivo-de-gruphelco\/#primaryimage"},"image":{"@id":"https:\/\/www.aestarragona.org\/ca\/entrevistas-ca\/entrevista-a-joan-alsina-director-general-ejecutivo-de-gruphelco\/#primaryimage"},"thumbnailUrl":"https:\/\/www.aestarragona.org\/wp-content\/uploads\/2023\/05\/GRUPHELCO.jpeg","datePublished":"2023-05-16T09:49:31+00:00","dateModified":"2023-10-09T10:04:43+00:00","breadcrumb":{"@id":"https:\/\/www.aestarragona.org\/ca\/entrevistas-ca\/entrevista-a-joan-alsina-director-general-ejecutivo-de-gruphelco\/#breadcrumb"},"inLanguage":"ca","potentialAction":[{"@type":"ReadAction","target":["https:\/\/www.aestarragona.org\/ca\/entrevistas-ca\/entrevista-a-joan-alsina-director-general-ejecutivo-de-gruphelco\/"]}]},{"@type":"ImageObject","inLanguage":"ca","@id":"https:\/\/www.aestarragona.org\/ca\/entrevistas-ca\/entrevista-a-joan-alsina-director-general-ejecutivo-de-gruphelco\/#primaryimage","url":"https:\/\/www.aestarragona.org\/wp-content\/uploads\/2023\/05\/GRUPHELCO.jpeg","contentUrl":"https:\/\/www.aestarragona.org\/wp-content\/uploads\/2023\/05\/GRUPHELCO.jpeg","width":900,"height":600},{"@type":"BreadcrumbList","@id":"https:\/\/www.aestarragona.org\/ca\/entrevistas-ca\/entrevista-a-joan-alsina-director-general-ejecutivo-de-gruphelco\/#breadcrumb","itemListElement":[{"@type":"ListItem","position":1,"name":"Portada","item":"https:\/\/www.aestarragona.org\/ca\/"},{"@type":"ListItem","position":2,"name":"Entrevista a Joan Alsina, Director General Ejecutivo de Gruphelco"}]},{"@type":"WebSite","@id":"https:\/\/www.aestarragona.org\/ca\/#website","url":"https:\/\/www.aestarragona.org\/ca\/","name":"AEST - La Asociaci\u00f3n de Empresas de Servicios de de Tarragona","description":"La Asociaci\u00f3n de Empresas de Servicios de Tarragona","publisher":{"@id":"https:\/\/www.aestarragona.org\/ca\/#organization"},"potentialAction":[{"@type":"SearchAction","target":{"@type":"EntryPoint","urlTemplate":"https:\/\/www.aestarragona.org\/ca\/?s={search_term_string}"},"query-input":{"@type":"PropertyValueSpecification","valueRequired":true,"valueName":"search_term_string"}}],"inLanguage":"ca"},{"@type":"Organization","@id":"https:\/\/www.aestarragona.org\/ca\/#organization","name":"AEST - Asociaci\u00f3n de Empresas de Servicios de de Tarragona","url":"https:\/\/www.aestarragona.org\/ca\/","logo":{"@type":"ImageObject","inLanguage":"ca","@id":"https:\/\/www.aestarragona.org\/ca\/#\/schema\/logo\/image\/","url":"https:\/\/www.aestarragona.org\/wp-content\/uploads\/2023\/05\/aest-logo-1.png","contentUrl":"https:\/\/www.aestarragona.org\/wp-content\/uploads\/2023\/05\/aest-logo-1.png","width":182,"height":182,"caption":"AEST - Asociaci\u00f3n de Empresas de Servicios de de Tarragona"},"image":{"@id":"https:\/\/www.aestarragona.org\/ca\/#\/schema\/logo\/image\/"},"sameAs":["https:\/\/m.facebook.com\/aestarragona","https:\/\/x.com\/AESTarragona"]},{"@type":"Person","@id":"https:\/\/www.aestarragona.org\/ca\/#\/schema\/person\/a948dd8727723b3575e5482f5b29b5de","name":"AEST","image":{"@type":"ImageObject","inLanguage":"ca","@id":"https:\/\/secure.gravatar.com\/avatar\/cd25a443b0b4914bd329e4ac131ee5565813bc540e4f718b12694f28fbfec02e?s=96&d=mm&r=g","url":"https:\/\/secure.gravatar.com\/avatar\/cd25a443b0b4914bd329e4ac131ee5565813bc540e4f718b12694f28fbfec02e?s=96&d=mm&r=g","contentUrl":"https:\/\/secure.gravatar.com\/avatar\/cd25a443b0b4914bd329e4ac131ee5565813bc540e4f718b12694f28fbfec02e?s=96&d=mm&r=g","caption":"AEST"},"sameAs":["https:\/\/www.aestarragona.org"],"url":"https:\/\/www.aestarragona.org\/ca\/author\/god_studiogenesis\/"}]}},"_links":{"self":[{"href":"https:\/\/www.aestarragona.org\/ca\/wp-json\/wp\/v2\/posts\/13050","targetHints":{"allow":["GET"]}}],"collection":[{"href":"https:\/\/www.aestarragona.org\/ca\/wp-json\/wp\/v2\/posts"}],"about":[{"href":"https:\/\/www.aestarragona.org\/ca\/wp-json\/wp\/v2\/types\/post"}],"author":[{"embeddable":true,"href":"https:\/\/www.aestarragona.org\/ca\/wp-json\/wp\/v2\/users\/1"}],"replies":[{"embeddable":true,"href":"https:\/\/www.aestarragona.org\/ca\/wp-json\/wp\/v2\/comments?post=13050"}],"version-history":[{"count":1,"href":"https:\/\/www.aestarragona.org\/ca\/wp-json\/wp\/v2\/posts\/13050\/revisions"}],"predecessor-version":[{"id":13051,"href":"https:\/\/www.aestarragona.org\/ca\/wp-json\/wp\/v2\/posts\/13050\/revisions\/13051"}],"wp:featuredmedia":[{"embeddable":true,"href":"https:\/\/www.aestarragona.org\/ca\/wp-json\/wp\/v2\/media\/12881"}],"wp:attachment":[{"href":"https:\/\/www.aestarragona.org\/ca\/wp-json\/wp\/v2\/media?parent=13050"}],"wp:term":[{"taxonomy":"category","embeddable":true,"href":"https:\/\/www.aestarragona.org\/ca\/wp-json\/wp\/v2\/categories?post=13050"},{"taxonomy":"post_tag","embeddable":true,"href":"https:\/\/www.aestarragona.org\/ca\/wp-json\/wp\/v2\/tags?post=13050"}],"curies":[{"name":"wp","href":"https:\/\/api.w.org\/{rel}","templated":true}]}}