{"id":13058,"date":"2023-05-16T11:27:00","date_gmt":"2023-05-16T09:27:00","guid":{"rendered":"https:\/\/www.aestarragona.org\/sin-categorizar\/informe-sobre-el-impacto-economico-de-la-covid-19-en-el-sector-metal\/"},"modified":"2023-10-09T12:07:21","modified_gmt":"2023-10-09T10:07:21","slug":"informe-sobre-el-impacto-economico-de-la-covid-19-en-el-sector-metal","status":"publish","type":"post","link":"https:\/\/www.aestarragona.org\/ca\/noticias-ca\/informe-sobre-el-impacto-economico-de-la-covid-19-en-el-sector-metal\/","title":{"rendered":"INFORME SOBRE EL IMPACTO ECON\u00d3MICO DE LA COVID-19 EN EL SECTOR METAL"},"content":{"rendered":"\n<p class=\"has-small-font-size\">La Confederaci\u00f3n Espa\u00f1ola de Organizaciones Empresariales del Metal es la organizaci\u00f3n patronal de \u00e1mbito nacional que representa a un importante sector empresarial en Espa\u00f1a, como es el de la Industria, Servicios y Comercio del Metal. Sus 78 organizaciones miembro representan un n\u00famero cercano a las 220.000 empresas y m\u00e1s de un mill\u00f3n y medio de trabajadores.<\/p>\n\n<p class=\"has-small-font-size\">La crisis sanitaria por el COVID-19 ha supuesto un profundo cambio en nuestra manera de vivir y trabajar. Es evidente y, tras largos meses de incertidumbres e impactos, hemos propuesto un ejercicio colectivo a nuestras organizaciones miembro para conocer la naturaleza real de los impactos y retos a los que se enfrentan nuestras empresas, sabedores de que los esfuerzos a realizar para recuperar la actividad econ\u00f3mica ser\u00e1n significativos, como tambi\u00e9n habr\u00e1n de serlo las pol\u00edticas y medidas que se adopten para garantizar un ecosistema que favorezca la tan aclamada reactivaci\u00f3n de la actividad industrial y de cuantos sectores vinculados participan de su red de comercio y servicios.<\/p>\n\n<p>Junto a esta noticia se adjunta el PDF donde se detallan todos los datos de la encuesta.<\/p>\n\n<p>Documentaci\u00f3n adjunta: DESCARGAR<\/p>\n","protected":false},"excerpt":{"rendered":"<p>La Confederaci\u00f3n Espa\u00f1ola de Organizaciones Empresariales del Metal es la organizaci\u00f3n patronal de \u00e1mbito nacional que representa a un importante sector empresarial en Espa\u00f1a, como es el de la Industria, Servicios y Comercio del Metal. Sus 78 organizaciones miembro representan un n\u00famero cercano a las 220.000 empresas y m\u00e1s de un mill\u00f3n y medio de trabajadores. La crisis sanitaria por el COVID-19 ha supuesto un [&hellip;]<\/p>\n","protected":false},"author":1,"featured_media":12876,"comment_status":"closed","ping_status":"closed","sticky":false,"template":"","format":"standard","meta":{"_acf_changed":false,"footnotes":""},"categories":[82],"tags":[],"class_list":["post-13058","post","type-post","status-publish","format-standard","has-post-thumbnail","hentry","category-noticias-ca"],"acf":[],"yoast_head":"<!-- This site is optimized with the Yoast SEO plugin v27.5 - https:\/\/yoast.com\/product\/yoast-seo-wordpress\/ -->\n<title>INFORME SOBRE EL IMPACTO ECON\u00d3MICO DE LA COVID-19 EN EL SECTOR METAL - AEST<\/title>\n<meta name=\"robots\" content=\"index, follow, max-snippet:-1, max-image-preview:large, max-video-preview:-1\" \/>\n<link rel=\"canonical\" href=\"https:\/\/www.aestarragona.org\/ca\/noticias-ca\/informe-sobre-el-impacto-economico-de-la-covid-19-en-el-sector-metal\/\" \/>\n<meta property=\"og:locale\" content=\"ca_ES\" \/>\n<meta property=\"og:type\" content=\"article\" \/>\n<meta property=\"og:title\" content=\"INFORME SOBRE EL IMPACTO ECON\u00d3MICO DE LA COVID-19 EN EL SECTOR METAL - AEST\" \/>\n<meta property=\"og:description\" content=\"La Confederaci\u00f3n Espa\u00f1ola de Organizaciones Empresariales del Metal es la organizaci\u00f3n patronal de \u00e1mbito nacional que representa a un importante sector empresarial en Espa\u00f1a, como es el de la Industria, Servicios y Comercio del Metal. Sus 78 organizaciones miembro representan un n\u00famero cercano a las 220.000 empresas y m\u00e1s de un mill\u00f3n y medio de trabajadores. La crisis sanitaria por el COVID-19 ha supuesto un [&hellip;]\" \/>\n<meta property=\"og:url\" content=\"https:\/\/www.aestarragona.org\/ca\/noticias-ca\/informe-sobre-el-impacto-economico-de-la-covid-19-en-el-sector-metal\/\" \/>\n<meta property=\"og:site_name\" content=\"AEST\" \/>\n<meta property=\"article:publisher\" content=\"https:\/\/m.facebook.com\/aestarragona\" \/>\n<meta property=\"article:published_time\" content=\"2023-05-16T09:27:00+00:00\" \/>\n<meta property=\"article:modified_time\" content=\"2023-10-09T10:07:21+00:00\" \/>\n<meta property=\"og:image\" content=\"https:\/\/www.aestarragona.org\/wp-content\/uploads\/2023\/05\/AEST.png\" \/>\n\t<meta property=\"og:image:width\" content=\"590\" \/>\n\t<meta property=\"og:image:height\" content=\"380\" \/>\n\t<meta property=\"og:image:type\" content=\"image\/png\" \/>\n<meta name=\"author\" content=\"AEST\" \/>\n<meta name=\"twitter:card\" content=\"summary_large_image\" \/>\n<meta name=\"twitter:creator\" content=\"@AESTarragona\" \/>\n<meta name=\"twitter:site\" content=\"@AESTarragona\" \/>\n<meta name=\"twitter:label1\" content=\"Written by\" \/>\n\t<meta name=\"twitter:data1\" content=\"AEST\" \/>\n\t<meta name=\"twitter:label2\" content=\"Est. reading time\" \/>\n\t<meta name=\"twitter:data2\" content=\"1 minut\" \/>\n<script type=\"application\/ld+json\" class=\"yoast-schema-graph\">{\"@context\":\"https:\\\/\\\/schema.org\",\"@graph\":[{\"@type\":\"Article\",\"@id\":\"https:\\\/\\\/www.aestarragona.org\\\/ca\\\/noticias-ca\\\/informe-sobre-el-impacto-economico-de-la-covid-19-en-el-sector-metal\\\/#article\",\"isPartOf\":{\"@id\":\"https:\\\/\\\/www.aestarragona.org\\\/ca\\\/noticias-ca\\\/informe-sobre-el-impacto-economico-de-la-covid-19-en-el-sector-metal\\\/\"},\"author\":{\"name\":\"AEST\",\"@id\":\"https:\\\/\\\/www.aestarragona.org\\\/ca\\\/#\\\/schema\\\/person\\\/a948dd8727723b3575e5482f5b29b5de\"},\"headline\":\"INFORME SOBRE EL IMPACTO ECON\u00d3MICO DE LA COVID-19 EN EL SECTOR METAL\",\"datePublished\":\"2023-05-16T09:27:00+00:00\",\"dateModified\":\"2023-10-09T10:07:21+00:00\",\"mainEntityOfPage\":{\"@id\":\"https:\\\/\\\/www.aestarragona.org\\\/ca\\\/noticias-ca\\\/informe-sobre-el-impacto-economico-de-la-covid-19-en-el-sector-metal\\\/\"},\"wordCount\":208,\"publisher\":{\"@id\":\"https:\\\/\\\/www.aestarragona.org\\\/ca\\\/#organization\"},\"image\":{\"@id\":\"https:\\\/\\\/www.aestarragona.org\\\/ca\\\/noticias-ca\\\/informe-sobre-el-impacto-economico-de-la-covid-19-en-el-sector-metal\\\/#primaryimage\"},\"thumbnailUrl\":\"https:\\\/\\\/www.aestarragona.org\\\/wp-content\\\/uploads\\\/2023\\\/05\\\/AEST.png\",\"articleSection\":[\"Noticias\"],\"inLanguage\":\"ca\"},{\"@type\":\"WebPage\",\"@id\":\"https:\\\/\\\/www.aestarragona.org\\\/ca\\\/noticias-ca\\\/informe-sobre-el-impacto-economico-de-la-covid-19-en-el-sector-metal\\\/\",\"url\":\"https:\\\/\\\/www.aestarragona.org\\\/ca\\\/noticias-ca\\\/informe-sobre-el-impacto-economico-de-la-covid-19-en-el-sector-metal\\\/\",\"name\":\"INFORME SOBRE EL IMPACTO ECON\u00d3MICO DE LA COVID-19 EN EL SECTOR METAL - AEST\",\"isPartOf\":{\"@id\":\"https:\\\/\\\/www.aestarragona.org\\\/ca\\\/#website\"},\"primaryImageOfPage\":{\"@id\":\"https:\\\/\\\/www.aestarragona.org\\\/ca\\\/noticias-ca\\\/informe-sobre-el-impacto-economico-de-la-covid-19-en-el-sector-metal\\\/#primaryimage\"},\"image\":{\"@id\":\"https:\\\/\\\/www.aestarragona.org\\\/ca\\\/noticias-ca\\\/informe-sobre-el-impacto-economico-de-la-covid-19-en-el-sector-metal\\\/#primaryimage\"},\"thumbnailUrl\":\"https:\\\/\\\/www.aestarragona.org\\\/wp-content\\\/uploads\\\/2023\\\/05\\\/AEST.png\",\"datePublished\":\"2023-05-16T09:27:00+00:00\",\"dateModified\":\"2023-10-09T10:07:21+00:00\",\"breadcrumb\":{\"@id\":\"https:\\\/\\\/www.aestarragona.org\\\/ca\\\/noticias-ca\\\/informe-sobre-el-impacto-economico-de-la-covid-19-en-el-sector-metal\\\/#breadcrumb\"},\"inLanguage\":\"ca\",\"potentialAction\":[{\"@type\":\"ReadAction\",\"target\":[\"https:\\\/\\\/www.aestarragona.org\\\/ca\\\/noticias-ca\\\/informe-sobre-el-impacto-economico-de-la-covid-19-en-el-sector-metal\\\/\"]}]},{\"@type\":\"ImageObject\",\"inLanguage\":\"ca\",\"@id\":\"https:\\\/\\\/www.aestarragona.org\\\/ca\\\/noticias-ca\\\/informe-sobre-el-impacto-economico-de-la-covid-19-en-el-sector-metal\\\/#primaryimage\",\"url\":\"https:\\\/\\\/www.aestarragona.org\\\/wp-content\\\/uploads\\\/2023\\\/05\\\/AEST.png\",\"contentUrl\":\"https:\\\/\\\/www.aestarragona.org\\\/wp-content\\\/uploads\\\/2023\\\/05\\\/AEST.png\",\"width\":590,\"height\":380},{\"@type\":\"BreadcrumbList\",\"@id\":\"https:\\\/\\\/www.aestarragona.org\\\/ca\\\/noticias-ca\\\/informe-sobre-el-impacto-economico-de-la-covid-19-en-el-sector-metal\\\/#breadcrumb\",\"itemListElement\":[{\"@type\":\"ListItem\",\"position\":1,\"name\":\"Portada\",\"item\":\"https:\\\/\\\/www.aestarragona.org\\\/ca\\\/\"},{\"@type\":\"ListItem\",\"position\":2,\"name\":\"INFORME SOBRE EL IMPACTO ECON\u00d3MICO DE LA COVID-19 EN EL SECTOR METAL\"}]},{\"@type\":\"WebSite\",\"@id\":\"https:\\\/\\\/www.aestarragona.org\\\/ca\\\/#website\",\"url\":\"https:\\\/\\\/www.aestarragona.org\\\/ca\\\/\",\"name\":\"AEST - La Asociaci\u00f3n de Empresas de Servicios de de Tarragona\",\"description\":\"La Asociaci\u00f3n de Empresas de Servicios de Tarragona\",\"publisher\":{\"@id\":\"https:\\\/\\\/www.aestarragona.org\\\/ca\\\/#organization\"},\"potentialAction\":[{\"@type\":\"SearchAction\",\"target\":{\"@type\":\"EntryPoint\",\"urlTemplate\":\"https:\\\/\\\/www.aestarragona.org\\\/ca\\\/?s={search_term_string}\"},\"query-input\":{\"@type\":\"PropertyValueSpecification\",\"valueRequired\":true,\"valueName\":\"search_term_string\"}}],\"inLanguage\":\"ca\"},{\"@type\":\"Organization\",\"@id\":\"https:\\\/\\\/www.aestarragona.org\\\/ca\\\/#organization\",\"name\":\"AEST - Asociaci\u00f3n de Empresas de Servicios de de Tarragona\",\"url\":\"https:\\\/\\\/www.aestarragona.org\\\/ca\\\/\",\"logo\":{\"@type\":\"ImageObject\",\"inLanguage\":\"ca\",\"@id\":\"https:\\\/\\\/www.aestarragona.org\\\/ca\\\/#\\\/schema\\\/logo\\\/image\\\/\",\"url\":\"https:\\\/\\\/www.aestarragona.org\\\/wp-content\\\/uploads\\\/2023\\\/05\\\/aest-logo-1.png\",\"contentUrl\":\"https:\\\/\\\/www.aestarragona.org\\\/wp-content\\\/uploads\\\/2023\\\/05\\\/aest-logo-1.png\",\"width\":182,\"height\":182,\"caption\":\"AEST - Asociaci\u00f3n de Empresas de Servicios de de Tarragona\"},\"image\":{\"@id\":\"https:\\\/\\\/www.aestarragona.org\\\/ca\\\/#\\\/schema\\\/logo\\\/image\\\/\"},\"sameAs\":[\"https:\\\/\\\/m.facebook.com\\\/aestarragona\",\"https:\\\/\\\/x.com\\\/AESTarragona\"]},{\"@type\":\"Person\",\"@id\":\"https:\\\/\\\/www.aestarragona.org\\\/ca\\\/#\\\/schema\\\/person\\\/a948dd8727723b3575e5482f5b29b5de\",\"name\":\"AEST\",\"image\":{\"@type\":\"ImageObject\",\"inLanguage\":\"ca\",\"@id\":\"https:\\\/\\\/secure.gravatar.com\\\/avatar\\\/cd25a443b0b4914bd329e4ac131ee5565813bc540e4f718b12694f28fbfec02e?s=96&d=mm&r=g\",\"url\":\"https:\\\/\\\/secure.gravatar.com\\\/avatar\\\/cd25a443b0b4914bd329e4ac131ee5565813bc540e4f718b12694f28fbfec02e?s=96&d=mm&r=g\",\"contentUrl\":\"https:\\\/\\\/secure.gravatar.com\\\/avatar\\\/cd25a443b0b4914bd329e4ac131ee5565813bc540e4f718b12694f28fbfec02e?s=96&d=mm&r=g\",\"caption\":\"AEST\"},\"sameAs\":[\"https:\\\/\\\/www.aestarragona.org\"],\"url\":\"https:\\\/\\\/www.aestarragona.org\\\/ca\\\/author\\\/god_studiogenesis\\\/\"}]}<\/script>\n<!-- \/ Yoast SEO plugin. -->","yoast_head_json":{"title":"INFORME SOBRE EL IMPACTO ECON\u00d3MICO DE LA COVID-19 EN EL SECTOR METAL - AEST","robots":{"index":"index","follow":"follow","max-snippet":"max-snippet:-1","max-image-preview":"max-image-preview:large","max-video-preview":"max-video-preview:-1"},"canonical":"https:\/\/www.aestarragona.org\/ca\/noticias-ca\/informe-sobre-el-impacto-economico-de-la-covid-19-en-el-sector-metal\/","og_locale":"ca_ES","og_type":"article","og_title":"INFORME SOBRE EL IMPACTO ECON\u00d3MICO DE LA COVID-19 EN EL SECTOR METAL - AEST","og_description":"La Confederaci\u00f3n Espa\u00f1ola de Organizaciones Empresariales del Metal es la organizaci\u00f3n patronal de \u00e1mbito nacional que representa a un importante sector empresarial en Espa\u00f1a, como es el de la Industria, Servicios y Comercio del Metal. Sus 78 organizaciones miembro representan un n\u00famero cercano a las 220.000 empresas y m\u00e1s de un mill\u00f3n y medio de trabajadores. La crisis sanitaria por el COVID-19 ha supuesto un [&hellip;]","og_url":"https:\/\/www.aestarragona.org\/ca\/noticias-ca\/informe-sobre-el-impacto-economico-de-la-covid-19-en-el-sector-metal\/","og_site_name":"AEST","article_publisher":"https:\/\/m.facebook.com\/aestarragona","article_published_time":"2023-05-16T09:27:00+00:00","article_modified_time":"2023-10-09T10:07:21+00:00","og_image":[{"width":590,"height":380,"url":"https:\/\/www.aestarragona.org\/wp-content\/uploads\/2023\/05\/AEST.png","type":"image\/png"}],"author":"AEST","twitter_card":"summary_large_image","twitter_creator":"@AESTarragona","twitter_site":"@AESTarragona","twitter_misc":{"Written by":"AEST","Est. reading time":"1 minut"},"schema":{"@context":"https:\/\/schema.org","@graph":[{"@type":"Article","@id":"https:\/\/www.aestarragona.org\/ca\/noticias-ca\/informe-sobre-el-impacto-economico-de-la-covid-19-en-el-sector-metal\/#article","isPartOf":{"@id":"https:\/\/www.aestarragona.org\/ca\/noticias-ca\/informe-sobre-el-impacto-economico-de-la-covid-19-en-el-sector-metal\/"},"author":{"name":"AEST","@id":"https:\/\/www.aestarragona.org\/ca\/#\/schema\/person\/a948dd8727723b3575e5482f5b29b5de"},"headline":"INFORME SOBRE EL IMPACTO ECON\u00d3MICO DE LA COVID-19 EN EL SECTOR METAL","datePublished":"2023-05-16T09:27:00+00:00","dateModified":"2023-10-09T10:07:21+00:00","mainEntityOfPage":{"@id":"https:\/\/www.aestarragona.org\/ca\/noticias-ca\/informe-sobre-el-impacto-economico-de-la-covid-19-en-el-sector-metal\/"},"wordCount":208,"publisher":{"@id":"https:\/\/www.aestarragona.org\/ca\/#organization"},"image":{"@id":"https:\/\/www.aestarragona.org\/ca\/noticias-ca\/informe-sobre-el-impacto-economico-de-la-covid-19-en-el-sector-metal\/#primaryimage"},"thumbnailUrl":"https:\/\/www.aestarragona.org\/wp-content\/uploads\/2023\/05\/AEST.png","articleSection":["Noticias"],"inLanguage":"ca"},{"@type":"WebPage","@id":"https:\/\/www.aestarragona.org\/ca\/noticias-ca\/informe-sobre-el-impacto-economico-de-la-covid-19-en-el-sector-metal\/","url":"https:\/\/www.aestarragona.org\/ca\/noticias-ca\/informe-sobre-el-impacto-economico-de-la-covid-19-en-el-sector-metal\/","name":"INFORME SOBRE EL IMPACTO ECON\u00d3MICO DE LA COVID-19 EN EL SECTOR METAL - AEST","isPartOf":{"@id":"https:\/\/www.aestarragona.org\/ca\/#website"},"primaryImageOfPage":{"@id":"https:\/\/www.aestarragona.org\/ca\/noticias-ca\/informe-sobre-el-impacto-economico-de-la-covid-19-en-el-sector-metal\/#primaryimage"},"image":{"@id":"https:\/\/www.aestarragona.org\/ca\/noticias-ca\/informe-sobre-el-impacto-economico-de-la-covid-19-en-el-sector-metal\/#primaryimage"},"thumbnailUrl":"https:\/\/www.aestarragona.org\/wp-content\/uploads\/2023\/05\/AEST.png","datePublished":"2023-05-16T09:27:00+00:00","dateModified":"2023-10-09T10:07:21+00:00","breadcrumb":{"@id":"https:\/\/www.aestarragona.org\/ca\/noticias-ca\/informe-sobre-el-impacto-economico-de-la-covid-19-en-el-sector-metal\/#breadcrumb"},"inLanguage":"ca","potentialAction":[{"@type":"ReadAction","target":["https:\/\/www.aestarragona.org\/ca\/noticias-ca\/informe-sobre-el-impacto-economico-de-la-covid-19-en-el-sector-metal\/"]}]},{"@type":"ImageObject","inLanguage":"ca","@id":"https:\/\/www.aestarragona.org\/ca\/noticias-ca\/informe-sobre-el-impacto-economico-de-la-covid-19-en-el-sector-metal\/#primaryimage","url":"https:\/\/www.aestarragona.org\/wp-content\/uploads\/2023\/05\/AEST.png","contentUrl":"https:\/\/www.aestarragona.org\/wp-content\/uploads\/2023\/05\/AEST.png","width":590,"height":380},{"@type":"BreadcrumbList","@id":"https:\/\/www.aestarragona.org\/ca\/noticias-ca\/informe-sobre-el-impacto-economico-de-la-covid-19-en-el-sector-metal\/#breadcrumb","itemListElement":[{"@type":"ListItem","position":1,"name":"Portada","item":"https:\/\/www.aestarragona.org\/ca\/"},{"@type":"ListItem","position":2,"name":"INFORME SOBRE EL IMPACTO ECON\u00d3MICO DE LA COVID-19 EN EL SECTOR METAL"}]},{"@type":"WebSite","@id":"https:\/\/www.aestarragona.org\/ca\/#website","url":"https:\/\/www.aestarragona.org\/ca\/","name":"AEST - La Asociaci\u00f3n de Empresas de Servicios de de Tarragona","description":"La Asociaci\u00f3n de Empresas de Servicios de Tarragona","publisher":{"@id":"https:\/\/www.aestarragona.org\/ca\/#organization"},"potentialAction":[{"@type":"SearchAction","target":{"@type":"EntryPoint","urlTemplate":"https:\/\/www.aestarragona.org\/ca\/?s={search_term_string}"},"query-input":{"@type":"PropertyValueSpecification","valueRequired":true,"valueName":"search_term_string"}}],"inLanguage":"ca"},{"@type":"Organization","@id":"https:\/\/www.aestarragona.org\/ca\/#organization","name":"AEST - Asociaci\u00f3n de Empresas de Servicios de de Tarragona","url":"https:\/\/www.aestarragona.org\/ca\/","logo":{"@type":"ImageObject","inLanguage":"ca","@id":"https:\/\/www.aestarragona.org\/ca\/#\/schema\/logo\/image\/","url":"https:\/\/www.aestarragona.org\/wp-content\/uploads\/2023\/05\/aest-logo-1.png","contentUrl":"https:\/\/www.aestarragona.org\/wp-content\/uploads\/2023\/05\/aest-logo-1.png","width":182,"height":182,"caption":"AEST - Asociaci\u00f3n de Empresas de Servicios de de Tarragona"},"image":{"@id":"https:\/\/www.aestarragona.org\/ca\/#\/schema\/logo\/image\/"},"sameAs":["https:\/\/m.facebook.com\/aestarragona","https:\/\/x.com\/AESTarragona"]},{"@type":"Person","@id":"https:\/\/www.aestarragona.org\/ca\/#\/schema\/person\/a948dd8727723b3575e5482f5b29b5de","name":"AEST","image":{"@type":"ImageObject","inLanguage":"ca","@id":"https:\/\/secure.gravatar.com\/avatar\/cd25a443b0b4914bd329e4ac131ee5565813bc540e4f718b12694f28fbfec02e?s=96&d=mm&r=g","url":"https:\/\/secure.gravatar.com\/avatar\/cd25a443b0b4914bd329e4ac131ee5565813bc540e4f718b12694f28fbfec02e?s=96&d=mm&r=g","contentUrl":"https:\/\/secure.gravatar.com\/avatar\/cd25a443b0b4914bd329e4ac131ee5565813bc540e4f718b12694f28fbfec02e?s=96&d=mm&r=g","caption":"AEST"},"sameAs":["https:\/\/www.aestarragona.org"],"url":"https:\/\/www.aestarragona.org\/ca\/author\/god_studiogenesis\/"}]}},"_links":{"self":[{"href":"https:\/\/www.aestarragona.org\/ca\/wp-json\/wp\/v2\/posts\/13058","targetHints":{"allow":["GET"]}}],"collection":[{"href":"https:\/\/www.aestarragona.org\/ca\/wp-json\/wp\/v2\/posts"}],"about":[{"href":"https:\/\/www.aestarragona.org\/ca\/wp-json\/wp\/v2\/types\/post"}],"author":[{"embeddable":true,"href":"https:\/\/www.aestarragona.org\/ca\/wp-json\/wp\/v2\/users\/1"}],"replies":[{"embeddable":true,"href":"https:\/\/www.aestarragona.org\/ca\/wp-json\/wp\/v2\/comments?post=13058"}],"version-history":[{"count":1,"href":"https:\/\/www.aestarragona.org\/ca\/wp-json\/wp\/v2\/posts\/13058\/revisions"}],"predecessor-version":[{"id":13059,"href":"https:\/\/www.aestarragona.org\/ca\/wp-json\/wp\/v2\/posts\/13058\/revisions\/13059"}],"wp:featuredmedia":[{"embeddable":true,"href":"https:\/\/www.aestarragona.org\/ca\/wp-json\/wp\/v2\/media\/12876"}],"wp:attachment":[{"href":"https:\/\/www.aestarragona.org\/ca\/wp-json\/wp\/v2\/media?parent=13058"}],"wp:term":[{"taxonomy":"category","embeddable":true,"href":"https:\/\/www.aestarragona.org\/ca\/wp-json\/wp\/v2\/categories?post=13058"},{"taxonomy":"post_tag","embeddable":true,"href":"https:\/\/www.aestarragona.org\/ca\/wp-json\/wp\/v2\/tags?post=13058"}],"curies":[{"name":"wp","href":"https:\/\/api.w.org\/{rel}","templated":true}]}}